[{"command":"add_css","data":[{"rel":"stylesheet","media":"all","href":"\/sites\/default\/files\/css\/css_n-DeTxTHNQD1b9Uat1C8nQSzdUVdUUBiPiS8l1zwdDY.css?delta=0\u0026language=fr\u0026theme=terra\u0026include=eJwrSS0qStTPKi0uyUzLTE1xT8zJSS2qBABl8wjl"}]},{"command":"add_js","selector":"body","data":[{"src":"\/sites\/default\/files\/js\/js_TVtlySe3dP7KefTeOPY1GI5jd-AzaDHcLVMeAMbU7GE.js?scope=footer\u0026delta=0\u0026language=fr\u0026theme=terra\u0026include=eJwrSS0qStTPKi0uyUzLTE1xT8zJSS2qBABl8wjl"}]},{"command":"readMessage","commentaire":"\n\n\n\u003Cdiv class=\u0022row\u0022\u003E\n\n  \u003Cdiv\n    class=\u0022column small-12 profile--caches-item cache--founded cache-found is-inactive\u0022\u003E\n    \u003Cdiv class=\u0022row align-middle collapse\u0022\u003E\n      \u003Cdiv class=\u0022column shrink poiz-medaillon--medium medaillon--left img-theme\u0022\u003E\u003Cimg src=\u0022https:\/\/cdn.terra-aventura.fr\/cdn\/ff\/ARiS4A3AnPAy5id4bt2ZQUI7I4fMky9gnSGXuEFyR00\/1494423358\/public\/actu\/imgList_zamela.png\u0022\/\u003E\u003C\/div\u003E\n      \u003Cdiv class=\u0022column\u0022\u003E\n        \u003Ch3 class=\u0022no-margin-b\u0022\u003ED\u00e9 \u00ab pech \u00bb toi Zam\u00e9la !\u003C\/h3\u003E\n                \u003Cp class=\u0022no-margin\u0022\u003E\n          \u003Cspan class=\u0022profile-parcours-inactive\u0022\u003EParcours archiv\u00e9\u003C\/span\u003E                  \u003C\/p\u003E\n      \u003C\/div\u003E\n    \u003C\/div\u003E\n  \u003C\/div\u003E\n\n  \u003Cdiv class=\u0022column small-12\u0022\u003E\n    \u003Chr class=\u0022primary-strong\u0022\u003E\n\n    \u003Ch4 class=\u0022text-color-primary-strong no-margin\u0022\u003EMon carnet d\u0027aventures\u003C\/h4\u003E\n    \u003Cspan class=\u0022t-size-small\u0022\u003E09 avr 2023\u003C\/span\u003E\n\n    \u003Chr class=\u0022clear\u0022\u003E\n\n    \n      \u003Cp class=\u0022t-size-body no-margin\u0022\u003E\n\n                \n        Ohh jolies zamela que tu nous as manqu\u00e9! \nTu nous as quitt\u00e9s avec les premi\u00e8res neiges te revoil\u00e0 avec les premiers rayons de Soleil.\n Nous nous sommes abandonn\u00e9es \u00e0 regarder les pleines jus...\n\n      \u003C\/p\u003E\n\n              \u003Cp class=\u0022no-margin-t\u0022\u003E\n          \u003Ca data-open=\u0022moreComment\u0022 class=\u0022t-family-secondary t-size-medium\u0022\u003ELire la suite\u003C\/a\u003E\n        \u003C\/p\u003E\n\n        \u003Cdiv class=\u0022reveal large\u0022 id=\u0022moreComment\u0022 data-reveal data-close-on-click=\u0022false\u0022 data-close-on-esc=\u0022false\u0022\n             data-animation-in=\u0022slide-in-down\u0022 data-animation-out=\u0022slide-out-up\u0022\u003E\n          \u003Cdiv class=\u0022reveal-title\u0022\u003EMon carnet d\u0027aventures\u003C\/div\u003E\n\n          \u003Cdiv class=\u0022reveal-content\u0022\u003E\n                          Ohh jolies zamela que tu nous as manqu\u00e9! \u003Cbr \/\u003E\nTu nous as quitt\u00e9s avec les premi\u00e8res neiges te revoil\u00e0 avec les premiers rayons de Soleil.\u003Cbr \/\u003E\n Nous nous sommes abandonn\u00e9es \u00e0 regarder les pleines jusqu\u0027au montagne, le Soleil caressant nos joues gr\u00e2ce \u00e0 toi. \u003Cbr \/\u003E\nNous avons bien essay\u00e9 de retrouver le Roy mais malheureusement nous n\u0027\u00e9tions pas concentr\u00e9 nous pensions d\u00e9j\u00e0 \u00e0 la prochaine fois que nous te verrions.... tu nous manques d\u00e9j\u00e0 belle zamela                       \u003C\/div\u003E\n          \u003Cbutton class=\u0022close-button\u0022 data-close aria-label=\u0022Close modal\u0022 type=\u0022button\u0022\u003E\n            \u003Cspan aria-hidden=\u0022true\u0022\u003E\u0026times;\u003C\/span\u003E\n          \u003C\/button\u003E\n        \u003C\/div\u003E\n      \n    \n    \u003Chr class=\u0022primary-strong no-margin-t\u0022\u003E\n\n    \u003Ch4\u003EMes photos \u003Cstrong\u003E(2)\u003C\/strong\u003E\u003C\/h4\u003E\n\n          \u003Cdiv class=\u0022best-photo--gallery js-gallery-justified no-margin\u0022\u003E\n                  \u003Ca href=\u0022https:\/\/cdn.terra-aventura.fr\/cdn\/ff\/Mg5la-fH91dI4g-YV6w48Z05MO72SxgYKS50vV2TUCk\/1730431851\/public\/caches_commentaires\/2023-04\/4542456-de-pech-toi-zamela-144958-1404-0.jpg\u0022 class=\u0022colorbox best-photo--link\u0022 data-colorbox-gallery=\u0022best-photo\u0022\u003E\n            \u003Cimg src=\u0022\/sites\/default\/files\/styles\/fiche_cache_apercu_upload_photo_commentaire\/public\/caches_commentaires\/2023-04\/4542456-de-pech-toi-zamela-144958-1404-0.jpg?itok=zwqXj85I\u0022\n                 class=\u0022best-photo--img\u0022\/\u003E\n          \u003C\/a\u003E\n                  \u003Ca href=\u0022https:\/\/cdn.terra-aventura.fr\/cdn\/ff\/_JYQy_wtVRkJs9Yvhwj5dqgI8bSA5cVFt4QKVJoA3ro\/1730431852\/public\/caches_commentaires\/2023-04\/4542456-de-pech-toi-zamela-144958-1404-1.jpg\u0022 class=\u0022colorbox best-photo--link\u0022 data-colorbox-gallery=\u0022best-photo\u0022\u003E\n            \u003Cimg src=\u0022\/sites\/default\/files\/styles\/fiche_cache_apercu_upload_photo_commentaire\/public\/caches_commentaires\/2023-04\/4542456-de-pech-toi-zamela-144958-1404-1.jpg?itok=q_OwIHCw\u0022\n                 class=\u0022best-photo--img\u0022\/\u003E\n          \u003C\/a\u003E\n              \u003C\/div\u003E\n      \u003C\/div\u003E\n\n\u003C\/div\u003E\n","commentaire_text":"Ohh jolies zamela que tu nous as manqu\u00e9! \u003Cbr \/\u003E\nTu nous as quitt\u00e9s avec les premi\u00e8res neiges te revoil\u00e0 avec les premiers rayons de Soleil.\u003Cbr \/\u003E\n Nous nous sommes abandonn\u00e9es \u00e0 regarder les pleines jusqu\u0027au montagne, le Soleil caressant nos joues gr\u00e2ce \u00e0 toi. \u003Cbr \/\u003E\nNous avons bien essay\u00e9 de retrouver le Roy mais malheureusement nous n\u0027\u00e9tions pas concentr\u00e9 nous pensions d\u00e9j\u00e0 \u00e0 la prochaine fois que nous te verrions.... tu nous manques d\u00e9j\u00e0 belle zamela","idcache":"1404"}]