[{"command":"add_css","data":[{"rel":"stylesheet","media":"all","href":"\/sites\/default\/files\/css\/css_n-DeTxTHNQD1b9Uat1C8nQSzdUVdUUBiPiS8l1zwdDY.css?delta=0\u0026language=fr\u0026theme=terra\u0026include=eJwrSS0qStTPKi0uyUzLTE1xT8zJSS2qBABl8wjl"}]},{"command":"add_js","selector":"body","data":[{"src":"\/sites\/default\/files\/js\/js_TVtlySe3dP7KefTeOPY1GI5jd-AzaDHcLVMeAMbU7GE.js?scope=footer\u0026delta=0\u0026language=fr\u0026theme=terra\u0026include=eJwrSS0qStTPKi0uyUzLTE1xT8zJSS2qBABl8wjl"}]},{"command":"readMessage","commentaire":"\n\n\n\u003Cdiv class=\u0022row\u0022\u003E\n\n  \u003Cdiv\n    class=\u0022column small-12 profile--caches-item cache--founded cache-found is-inactive\u0022\u003E\n    \u003Cdiv class=\u0022row align-middle collapse\u0022\u003E\n      \u003Cdiv class=\u0022column shrink poiz-medaillon--medium medaillon--left img-theme\u0022\u003E\u003Cimg src=\u0022https:\/\/cdn.terra-aventura.fr\/cdn\/ff\/ARiS4A3AnPAy5id4bt2ZQUI7I4fMky9gnSGXuEFyR00\/1494423358\/public\/actu\/imgList_zamela.png\u0022\/\u003E\u003C\/div\u003E\n      \u003Cdiv class=\u0022column\u0022\u003E\n        \u003Ch3 class=\u0022no-margin-b\u0022\u003EDemandez le journal !\u003C\/h3\u003E\n                \u003Cp class=\u0022no-margin\u0022\u003E\n          \u003Cspan class=\u0022profile-parcours-inactive\u0022\u003EParcours archiv\u00e9\u003C\/span\u003E                  \u003C\/p\u003E\n      \u003C\/div\u003E\n    \u003C\/div\u003E\n  \u003C\/div\u003E\n\n  \u003Cdiv class=\u0022column small-12\u0022\u003E\n    \u003Chr class=\u0022primary-strong\u0022\u003E\n\n    \u003Ch4 class=\u0022text-color-primary-strong no-margin\u0022\u003EMon carnet d\u0027aventures\u003C\/h4\u003E\n    \u003Cspan class=\u0022t-size-small\u0022\u003E09 nov 2025\u003C\/span\u003E\n\n    \u003Chr class=\u0022clear\u0022\u003E\n\n    \n      \u003Cp class=\u0022t-size-body no-margin\u0022\u003E\n\n                \n        UNE DU JOUR \u2013 CARNET D\u2019AVENTURIER\n\nSur les traces du Zamelia : j\u2019ai march\u00e9 dans 120 ans d\u2019histoire !\n\nAujourd\u2019hui, j\u2019ai pris la route dans les rues de Limoges, guid\u00e9 par une mission pas comm...\n\n      \u003C\/p\u003E\n\n              \u003Cp class=\u0022no-margin-t\u0022\u003E\n          \u003Ca data-open=\u0022moreComment\u0022 class=\u0022t-family-secondary t-size-medium\u0022\u003ELire la suite\u003C\/a\u003E\n        \u003C\/p\u003E\n\n        \u003Cdiv class=\u0022reveal large\u0022 id=\u0022moreComment\u0022 data-reveal data-close-on-click=\u0022false\u0022 data-close-on-esc=\u0022false\u0022\n             data-animation-in=\u0022slide-in-down\u0022 data-animation-out=\u0022slide-out-up\u0022\u003E\n          \u003Cdiv class=\u0022reveal-title\u0022\u003EMon carnet d\u0027aventures\u003C\/div\u003E\n\n          \u003Cdiv class=\u0022reveal-content\u0022\u003E\n                          UNE DU JOUR \u2013 CARNET D\u2019AVENTURIER\u003Cbr \/\u003E\n\u003Cbr \/\u003E\nSur les traces du Zamelia : j\u2019ai march\u00e9 dans 120 ans d\u2019histoire !\u003Cbr \/\u003E\n\u003Cbr \/\u003E\nAujourd\u2019hui, j\u2019ai pris la route dans les rues de Limoges, guid\u00e9 par une mission pas comme les autres : c\u00e9l\u00e9brer les 120 ans du Zamelia. \u00c0 chaque \u00e9tape, des indices \u00e0 d\u00e9chiffrer, des d\u00e9tails cach\u00e9s \u00e0 retrouver, des histoires \u00e0 \u00e9couter.\u003Cbr \/\u003E\nJe ne m\u2019attendais pas \u00e0 croiser autant de surprises dans une ville que je croyais conna\u00eetre.\u003Cbr \/\u003E\nCe parcours Terra Aventura m\u2019a fait voyager dans le temps, rencontrer la m\u00e9moire des lieux et red\u00e9couvrir Limoges autrement.\u003Cbr \/\u003E\n\u00c0 la fin du chemin, ce n\u2019est pas seulement un tr\u00e9sor que j\u2019ai trouv\u00e9, mais une aventure partag\u00e9e, pleine d\u2019\u00e9merveillement et de sourires.\u003Cbr \/\u003E\nLe Zamelia veille encore\u2026 et je suis fier d\u2019en avoir \u00e9t\u00e9 le chercheur du jour.                       \u003C\/div\u003E\n          \u003Cbutton class=\u0022close-button\u0022 data-close aria-label=\u0022Close modal\u0022 type=\u0022button\u0022\u003E\n            \u003Cspan aria-hidden=\u0022true\u0022\u003E\u0026times;\u003C\/span\u003E\n          \u003C\/button\u003E\n        \u003C\/div\u003E\n      \n    \n    \u003Chr class=\u0022primary-strong no-margin-t\u0022\u003E\n\n    \u003Ch4\u003EMes photos \u003Cstrong\u003E(1)\u003C\/strong\u003E\u003C\/h4\u003E\n\n          \u003Cdiv class=\u0022best-photo--gallery js-gallery-justified no-margin\u0022\u003E\n                  \u003Ca href=\u0022https:\/\/cdn.terra-aventura.fr\/cdn\/ff\/XEpBxUbfijQlnlI339UwZhb2LS4814ZHCsNRUZRKK6s\/1764548404\/public\/caches_commentaires\/2025-11\/12523689-demandez-journal-2006760-2904-0.jpg\u0022 class=\u0022colorbox best-photo--link\u0022 data-colorbox-gallery=\u0022best-photo\u0022\u003E\n            \u003Cimg src=\u0022\/sites\/default\/files\/styles\/fiche_cache_apercu_upload_photo_commentaire\/public\/caches_commentaires\/2025-11\/12523689-demandez-journal-2006760-2904-0.jpg?itok=7K7rQ1PN\u0022\n                 class=\u0022best-photo--img\u0022\/\u003E\n          \u003C\/a\u003E\n              \u003C\/div\u003E\n      \u003C\/div\u003E\n\n\u003C\/div\u003E\n","commentaire_text":"UNE DU JOUR \u2013 CARNET D\u2019AVENTURIER\u003Cbr \/\u003E\n\u003Cbr \/\u003E\nSur les traces du Zamelia : j\u2019ai march\u00e9 dans 120 ans d\u2019histoire !\u003Cbr \/\u003E\n\u003Cbr \/\u003E\nAujourd\u2019hui, j\u2019ai pris la route dans les rues de Limoges, guid\u00e9 par une mission pas comme les autres : c\u00e9l\u00e9brer les 120 ans du Zamelia. \u00c0 chaque \u00e9tape, des indices \u00e0 d\u00e9chiffrer, des d\u00e9tails cach\u00e9s \u00e0 retrouver, des histoires \u00e0 \u00e9couter.\u003Cbr \/\u003E\nJe ne m\u2019attendais pas \u00e0 croiser autant de surprises dans une ville que je croyais conna\u00eetre.\u003Cbr \/\u003E\nCe parcours Terra Aventura m\u2019a fait voyager dans le temps, rencontrer la m\u00e9moire des lieux et red\u00e9couvrir Limoges autrement.\u003Cbr \/\u003E\n\u00c0 la fin du chemin, ce n\u2019est pas seulement un tr\u00e9sor que j\u2019ai trouv\u00e9, mais une aventure partag\u00e9e, pleine d\u2019\u00e9merveillement et de sourires.\u003Cbr \/\u003E\nLe Zamelia veille encore\u2026 et je suis fier d\u2019en avoir \u00e9t\u00e9 le chercheur du jour.","idcache":"2904"}]