[{"command":"add_css","data":[{"rel":"stylesheet","media":"all","href":"\/sites\/default\/files\/css\/css_n-DeTxTHNQD1b9Uat1C8nQSzdUVdUUBiPiS8l1zwdDY.css?delta=0\u0026language=nl\u0026theme=terra\u0026include=eJwrSS0qStTPKi0uyUzLTE1xT8zJSS2qBABl8wjl"}]},{"command":"add_js","selector":"body","data":[{"src":"\/sites\/default\/files\/js\/js_TVtlySe3dP7KefTeOPY1GI5jd-AzaDHcLVMeAMbU7GE.js?scope=footer\u0026delta=0\u0026language=nl\u0026theme=terra\u0026include=eJwrSS0qStTPKi0uyUzLTE1xT8zJSS2qBABl8wjl"}]},{"command":"readMessage","commentaire":"\n\n\n\u003Cdiv class=\u0022row\u0022\u003E\n\n  \u003Cdiv\n    class=\u0022column small-12 profile--caches-item cache--founded cache-found\u0022\u003E\n    \u003Cdiv class=\u0022row align-middle collapse\u0022\u003E\n      \u003Cdiv class=\u0022column shrink poiz-medaillon--medium medaillon--left img-theme\u0022\u003E\u003Cimg src=\u0022https:\/\/cdn.terra-aventura.fr\/cdn\/ff\/HXlBizhkfuJOFMZ0KKAwCPiZ94ZsVBW2IsgtYHCceMM\/1494423358\/public\/themes_list\/imgList_zabeth.png\u0022\/\u003E\u003C\/div\u003E\n      \u003Cdiv class=\u0022column\u0022\u003E\n        \u003Ch3 class=\u0022no-margin-b\u0022\u003ELe vent tourne !\u003C\/h3\u003E\n                \u003Cp class=\u0022text-right no-margin\u0022\u003E\n          \u003Ca href=\u0022\/nl\/node\/380\u0022\n             class=\u0022t-family-secondary t-size-strong\u0022\u003EDe route bekijken\u003C\/a\u003E\n                  \u003C\/p\u003E\n      \u003C\/div\u003E\n    \u003C\/div\u003E\n  \u003C\/div\u003E\n\n  \u003Cdiv class=\u0022column small-12\u0022\u003E\n    \u003Chr class=\u0022primary-strong\u0022\u003E\n\n    \u003Ch4 class=\u0022text-color-primary-strong no-margin\u0022\u003EMon carnet d\u0027aventures\u003C\/h4\u003E\n    \u003Cspan class=\u0022t-size-small\u0022\u003E14 aug 2022\u003C\/span\u003E\n\n    \u003Chr class=\u0022clear\u0022\u003E\n\n    \n      \u003Cp class=\u0022t-size-body no-margin\u0022\u003E\n\n                \n        belle balade , g\u00e9olocalisation de la cache excentr\u00e9 dut \u00e0 un vol \ud83d\ude25 mais tout fini bien lorsque l\u0027on trouve enfin Zabeth\n\n      \u003C\/p\u003E\n\n              \u003Chr class=\u0022clear no-margin-t\u0022\u003E\n      \n    \n    \u003Chr class=\u0022primary-strong no-margin-t\u0022\u003E\n\n    \u003Ch4\u003EMijn foto\u0027s \u003Cstrong\u003E(6)\u003C\/strong\u003E\u003C\/h4\u003E\n\n          \u003Cdiv class=\u0022best-photo--gallery js-gallery-justified no-margin\u0022\u003E\n                  \u003Ca href=\u0022https:\/\/cdn.terra-aventura.fr\/cdn\/ff\/aw3FE7CH6p1f9Tulan-N5PJrFwn_GgPlzmgsax1gNHA\/1730509050\/public\/caches_commentaires\/2022-08\/le-vent-tourne-652958-0.jpg\u0022 class=\u0022colorbox best-photo--link\u0022 data-colorbox-gallery=\u0022best-photo\u0022\u003E\n            \u003Cimg src=\u0022\/sites\/default\/files\/styles\/fiche_cache_apercu_upload_photo_commentaire\/public\/caches_commentaires\/2022-08\/le-vent-tourne-652958-0.jpg?itok=YdaBGHmb\u0022\n                 class=\u0022best-photo--img\u0022\/\u003E\n          \u003C\/a\u003E\n                  \u003Ca href=\u0022https:\/\/cdn.terra-aventura.fr\/cdn\/ff\/vgcDz-HE2k5MH5UeILtL4z371NLESo29m-rd6ckz5ZY\/1730509050\/public\/caches_commentaires\/2022-08\/le-vent-tourne-652958-1.jpg\u0022 class=\u0022colorbox best-photo--link\u0022 data-colorbox-gallery=\u0022best-photo\u0022\u003E\n            \u003Cimg src=\u0022\/sites\/default\/files\/styles\/fiche_cache_apercu_upload_photo_commentaire\/public\/caches_commentaires\/2022-08\/le-vent-tourne-652958-1.jpg?itok=SPpXgFxy\u0022\n                 class=\u0022best-photo--img\u0022\/\u003E\n          \u003C\/a\u003E\n                  \u003Ca href=\u0022https:\/\/cdn.terra-aventura.fr\/cdn\/ff\/LUN-O_HYDR_ja51oOc6oytdqdiy1v_3YhdY8aN5XOKQ\/1730509050\/public\/caches_commentaires\/2022-08\/le-vent-tourne-652958-2.jpg\u0022 class=\u0022colorbox best-photo--link\u0022 data-colorbox-gallery=\u0022best-photo\u0022\u003E\n            \u003Cimg src=\u0022\/sites\/default\/files\/styles\/fiche_cache_apercu_upload_photo_commentaire\/public\/caches_commentaires\/2022-08\/le-vent-tourne-652958-2.jpg?itok=VuswzLZj\u0022\n                 class=\u0022best-photo--img\u0022\/\u003E\n          \u003C\/a\u003E\n                  \u003Ca href=\u0022https:\/\/cdn.terra-aventura.fr\/cdn\/ff\/h2FW-jxew00OZ_eblyJQ91CUa7U0_BfVxZ7xf24pfPU\/1730509050\/public\/caches_commentaires\/2022-08\/le-vent-tourne-652958-3.jpg\u0022 class=\u0022colorbox best-photo--link\u0022 data-colorbox-gallery=\u0022best-photo\u0022\u003E\n            \u003Cimg src=\u0022\/sites\/default\/files\/styles\/fiche_cache_apercu_upload_photo_commentaire\/public\/caches_commentaires\/2022-08\/le-vent-tourne-652958-3.jpg?itok=JqA4Iyj_\u0022\n                 class=\u0022best-photo--img\u0022\/\u003E\n          \u003C\/a\u003E\n                  \u003Ca href=\u0022https:\/\/cdn.terra-aventura.fr\/cdn\/ff\/18ETZpaq1zPAoF3FtnWvzwfXsWpF3LzCy98EFpNyRwE\/1730509050\/public\/caches_commentaires\/2022-08\/le-vent-tourne-652958-4.jpg\u0022 class=\u0022colorbox best-photo--link\u0022 data-colorbox-gallery=\u0022best-photo\u0022\u003E\n            \u003Cimg src=\u0022\/sites\/default\/files\/styles\/fiche_cache_apercu_upload_photo_commentaire\/public\/caches_commentaires\/2022-08\/le-vent-tourne-652958-4.jpg?itok=-RKUTGGU\u0022\n                 class=\u0022best-photo--img\u0022\/\u003E\n          \u003C\/a\u003E\n                  \u003Ca href=\u0022https:\/\/cdn.terra-aventura.fr\/cdn\/ff\/UiNY0hVdq416Nn1hpw1jl1r1M8oqOvEIDxGVGUDFpvM\/1730509050\/public\/caches_commentaires\/2022-08\/le-vent-tourne-652958-5.jpg\u0022 class=\u0022colorbox best-photo--link\u0022 data-colorbox-gallery=\u0022best-photo\u0022\u003E\n            \u003Cimg src=\u0022\/sites\/default\/files\/styles\/fiche_cache_apercu_upload_photo_commentaire\/public\/caches_commentaires\/2022-08\/le-vent-tourne-652958-5.jpg?itok=_igggj0x\u0022\n                 class=\u0022best-photo--img\u0022\/\u003E\n          \u003C\/a\u003E\n              \u003C\/div\u003E\n      \u003C\/div\u003E\n\n\u003C\/div\u003E\n","commentaire_text":"belle balade , g\u00e9olocalisation de la cache excentr\u00e9 dut \u00e0 un vol \ud83d\ude25 mais tout fini bien lorsque l\u0027on trouve enfin Zabeth","idcache":"380"}]